{"id":10912,"date":"2021-05-31T14:17:15","date_gmt":"2021-05-31T12:17:15","guid":{"rendered":"http:\/\/news.montessoriskolan.com\/?p=10912"},"modified":"2021-05-31T14:17:16","modified_gmt":"2021-05-31T12:17:16","slug":"boktips-2","status":"publish","type":"post","link":"https:\/\/news.montessoriskolan.com\/?p=10912","title":{"rendered":"Boktips!"},"content":{"rendered":"\n<p>\t\t\t<em>SOMMAR F\u00d6R EVIGT&nbsp;<\/em><br><\/p>\n\n\n\n<p>Jag har l\u00e4st boken Sommar f\u00f6r evigt. Detta \u00e4r den tredje boken i trilogin. Den f\u00f6rsta boken heter Sommaren jag blev vacker, den andra heter Ingen sommar utan dig och den tredje Sommar f\u00f6r evigt.&nbsp;<\/p>\n\n\n\n<p>\t\t\t<em>F\u00d6RFATTAREN<\/em><\/p>\n\n\n\n<p>F\u00f6rfattaren till boken heter Jenny Han. Jenny Han har ocks\u00e5 skrivit den hyllade trilogin Till alla killar jag har gillat. Boken \u00e4r en ungdomsbok och skriven i dagboksform.&nbsp;&nbsp;<\/p>\n\n\n\n<p>\t\t\t<em>HUR JAG B\u00d6RJADE L\u00c4SA BOKEN<\/em><\/p>\n\n\n\n<p>Det b\u00f6rjade med att mamma k\u00f6pte f\u00f6rsta boken i serien, Till alla killar jag har gillat. Jag blev f\u00f6r\u00e4lskad i hur f\u00f6rfattaren uttrycker sig och best\u00e4mde f\u00f6r att l\u00e4sa dem andra tv\u00e5 delarna. N\u00e4r dem v\u00e4l var slut s\u00e5 ville jag l\u00e4sa mer av Jenny Han, d\u00e5 s\u00e5 s\u00e5g jag boken Sommaren jag blev vacker.&nbsp;<\/p>\n\n\n\n<p>\t\t\t\t<em>KARAKT\u00c4REN<\/em><\/p>\n\n\n\n<p>Jag fick m\u00f6ta flera karakt\u00e4rer i min bok. I vissa kapitel s\u00e5 var det andra som skrev som Conrad. Belly var huvudpersonen i boken och min favorit karakt\u00e4r.&nbsp;<\/p>\n\n\n\n<p>\t\t\t\t<em>5 MENINGAR&nbsp;<\/em><\/p>\n\n\n\n<p>Om jag fick beskriva Belly med tre ord s\u00e5 skulle det vara glad, \u00f6ppen och k\u00e4nslosam.&nbsp;<br><\/p>\n\n\n\n<p>&#8211; Skulle du kunna klara dig tv\u00e5 hela \u00e5r utan din b\u00e4sta v\u00e4n?&nbsp;<\/p>\n\n\n\n<p>&#8211; Aldrig mer f\u00e5 komma till sommarhuset eller aldrig mer f\u00e5 bada?&nbsp;&nbsp;<\/p>\n\n\n\n<p>&#8211; En sommar utan Conrad eller en sommar med Tayler?<\/p>\n\n\n\n<p>&#8211; Gr\u00e5ta \u00e5t filmer eller gr\u00e5ta \u00e5t Jeremiah och Conrad?<\/p>\n\n\n\n<p>&#8211; Pool eller hav?<\/p>\n\n\n\n<p>\t\t\t<em>\t<\/em><em>Inledning&nbsp;<\/em><\/p>\n\n\n\n<p>I f\u00f6rsta boken s\u00e5 b\u00f6rjar allt med att Belly, hans bror och mamma k\u00f6r till sommarhuset, n\u00e4r dem \u00e4r framme s\u00e5 k\u00e4nns allt som vanligt. Men vad Belly inte vet \u00e4r att denna sommaren kommer b\u00e5de bli fruktansv\u00e4rd och underbar.&nbsp;&nbsp;<\/p>\n\n\n\n<p><\/p>\n\n\n\n<p><em>HANDLING&nbsp;<\/em><\/p>\n\n\n\n<p>F\u00f6r n\u00e5gra m\u00e5nader sedan s\u00e5 blev Belly ihop med Jeremiah, men har fortfarande k\u00e4nslor f\u00f6r hans bror Conrad. Under n\u00e4stan hela sitt liv har Belly k\u00e4nt Conrad och varit f\u00f6r\u00e4lskad i honom men best\u00e4mmer sig \u00e4nd\u00e5 att gifta sig med Jeremiah som alltid har st\u00e5tt upp f\u00f6r Belly och aldrig svikit henne. Men n\u00e4r hon v\u00e4l ber\u00e4ttade f\u00f6r hennes familj och andra s\u00e5 fattade ingen n\u00e5got. Hennes mamma v\u00e4grade ett tag att l\u00e5ta hennes dotter gifta sig med hennes d\u00f6da b\u00e4sta v\u00e4ns son men tillslut gick det \u00f6ver till att bara inte komma. Belly och Taylor hennes b\u00e4sta v\u00e4n planerade och best\u00e4mde kl\u00e4nning. Tillslut s\u00e5 best\u00e4mde Bellys mamma att komma.&nbsp;<\/p>\n\n\n\n<p>En dag, samma dag som br\u00f6llopet h\u00e4nde det som inte fick h\u00e4nda brudgummen var borta.&nbsp;<\/p>\n\n\n\n<p><em>N\u00e5gra \u00e5r senare var Belly gift&nbsp; <\/em>&nbsp;<\/p>\n\n\n\n<p>\t\t\tMEN INTE MED JEREMIAH&nbsp;<br><\/p>\n\n\n\n<p>\t\t\t<em>JAG TYCKER<\/em><\/p>\n\n\n\n<p>Jag \u00e4r lite beroende av drama, romantik och k\u00e4nslor. Denna bok var alla mina personliga favoriter fullproppade med. Jag skulle bara \u00f6nska att det kom en fj\u00e4rde bok.&nbsp;<\/p>\n\n\n\n<p>MEN DET \u00c4R EN TRILOGI&nbsp;<\/p>\n\n\n\n<p><\/p>\n\n\n\n<p>Jag ger boken 5\/5 stj\u00e4rnor.&nbsp;&nbsp;<\/p>\n\n\n\n<p>Av: Ellinor&nbsp;\t<\/p>\n","protected":false},"excerpt":{"rendered":"<p>SOMMAR F\u00d6R EVIGT&nbsp; Jag har l\u00e4st boken Sommar f\u00f6r evigt. Detta \u00e4r den tredje boken i trilogin. Den f\u00f6rsta boken heter Sommaren jag blev vacker, den andra heter Ingen sommar utan dig och den tredje Sommar f\u00f6r evigt.&nbsp; F\u00d6RFATTAREN F\u00f6rfattaren till boken heter Jenny Han. Jenny Han har ocks\u00e5 skrivit den hyllade trilogin Till alla [&hellip;]<\/p>\n","protected":false},"author":61,"featured_media":10670,"comment_status":"closed","ping_status":"closed","sticky":false,"template":"","format":"standard","meta":{"spay_email":"","jetpack_publicize_message":""},"categories":[2,96,86],"tags":[],"jetpack_featured_media_url":"https:\/\/news.montessoriskolan.com\/wp-content\/uploads\/2020\/04\/10_bocker.jpg","jetpack_publicize_connections":[],"jetpack_shortlink":"https:\/\/wp.me\/p4nJHy-2Q0","jetpack_sharing_enabled":true,"jetpack_likes_enabled":true,"_links":{"self":[{"href":"https:\/\/news.montessoriskolan.com\/index.php?rest_route=\/wp\/v2\/posts\/10912"}],"collection":[{"href":"https:\/\/news.montessoriskolan.com\/index.php?rest_route=\/wp\/v2\/posts"}],"about":[{"href":"https:\/\/news.montessoriskolan.com\/index.php?rest_route=\/wp\/v2\/types\/post"}],"author":[{"embeddable":true,"href":"https:\/\/news.montessoriskolan.com\/index.php?rest_route=\/wp\/v2\/users\/61"}],"replies":[{"embeddable":true,"href":"https:\/\/news.montessoriskolan.com\/index.php?rest_route=%2Fwp%2Fv2%2Fcomments&post=10912"}],"version-history":[{"count":1,"href":"https:\/\/news.montessoriskolan.com\/index.php?rest_route=\/wp\/v2\/posts\/10912\/revisions"}],"predecessor-version":[{"id":10913,"href":"https:\/\/news.montessoriskolan.com\/index.php?rest_route=\/wp\/v2\/posts\/10912\/revisions\/10913"}],"wp:featuredmedia":[{"embeddable":true,"href":"https:\/\/news.montessoriskolan.com\/index.php?rest_route=\/wp\/v2\/media\/10670"}],"wp:attachment":[{"href":"https:\/\/news.montessoriskolan.com\/index.php?rest_route=%2Fwp%2Fv2%2Fmedia&parent=10912"}],"wp:term":[{"taxonomy":"category","embeddable":true,"href":"https:\/\/news.montessoriskolan.com\/index.php?rest_route=%2Fwp%2Fv2%2Fcategories&post=10912"},{"taxonomy":"post_tag","embeddable":true,"href":"https:\/\/news.montessoriskolan.com\/index.php?rest_route=%2Fwp%2Fv2%2Ftags&post=10912"}],"curies":[{"name":"wp","href":"https:\/\/api.w.org\/{rel}","templated":true}]}}